{"id":19819,"date":"2026-04-20T07:40:52","date_gmt":"2026-04-20T05:40:52","guid":{"rendered":"https:\/\/www.pbpkrasnystaw.pl\/?p=19819"},"modified":"2026-04-20T07:40:52","modified_gmt":"2026-04-20T05:40:52","slug":"zaproszenie-na-wydarzenie-bibliotekarze-z-pasja","status":"publish","type":"post","link":"https:\/\/www.pbpkrasnystaw.pl\/?p=19819","title":{"rendered":"Zaproszenie na wydarzenie \u201eBibliotekarze z pasj\u0105\u201d"},"content":{"rendered":"\n<p><\/p>\n\n\n\n<p>Odkryj niezwyk\u0142e talenty ludzi, kt\u00f3rych znasz przede wszystkim z bibliotecznych p\u00f3\u0142ek!<\/p>\n\n\n\n<p>to wyj\u0105tkowa wystawa pokazuj\u0105ca, \u017ce biblioteka to nie tylko ksi\u0105\u017cki \u2013 to tak\u017ce ludzie pe\u0142ni kreatywno\u015bci, talent\u00f3w i inspiruj\u0105cych zainteresowa\u0144. R\u0119kodzie\u0142o, sztuka, fotografia, a nawet kulinaria \u2013 wszystko to tworzone z sercem i pasj\u0105 przez bibliotekarzy z powiatu krasnostawskiego.<\/p>\n\n\n\n<p>W pierwszej cz\u0119\u015bci wydarzenia na wystawie zobaczymy:<\/p>\n\n\n\n<p><strong>Maria Madej<\/strong> (r\u0119kodzie\u0142o), <strong>Renata Jarmosz<\/strong> (koronkarstwo), <strong>Magdalena Staro\u0144<\/strong> (r\u0119kodzie\u0142o),&nbsp; <strong>dr Artur Borz\u0119cki<\/strong> (kolekcjonerstwo), <strong>\u017baneta Hadam<\/strong> (r\u0119kodzie\u0142o), <strong>Barbara Wargol<\/strong> (r\u0119kodzie\u0142o, sery podpuszczkowe), <strong>El\u017cbieta Patyk<\/strong> (fotografia), <strong>El\u017cbieta<\/strong> <strong>Kowi\u0144ska<\/strong> (fotografia, r\u0119kodzie\u0142o).<\/p>\n\n\n\n<p>Druga cz\u0119\u015b\u0107 spotkania po\u015bwi\u0119cona b\u0119dzie kulinariom. Go\u015bcie b\u0119d\u0105 mogli skosztowa\u0107 potraw i wypiek\u00f3w przygotowanych przez bibliotekarki.<\/p>\n\n\n\n<p>Przyjd\u017a, zobacz i przekonaj si\u0119, jak wiele twarzy ma biblioteka. Zainspiruj si\u0119 do odkrywania w\u0142asnych pasji.<\/p>\n\n\n\n<p>23 kwietnia 2026 r.<br>godz. 16:00<br>Powiatowa Biblioteka Publiczna w Krasnymstawie<\/p>\n\n\n\n<p>Niech ten dzie\u0144 \u2013 obchodzony na ca\u0142ym \u015bwiecie jako \u015awiatowy Dzie\u0144 Ksi\u0105\u017cki i Praw Autorskich \u2013 stanie si\u0119 tak\u017ce \u015bwi\u0119tem lokalnej kreatywno\u015bci bibliotekarzy!<\/p>\n\n\n\n<p><strong>Do zobaczenia!<\/strong><\/p>\n\n\n\n<figure class=\"wp-block-gallery has-nested-images columns-default is-cropped wp-block-gallery-1 is-layout-flex wp-block-gallery-is-layout-flex\">\n<figure class=\"wp-block-image size-large\"><img loading=\"lazy\" decoding=\"async\" width=\"543\" height=\"768\" data-id=\"19820\" src=\"https:\/\/www.pbpkrasnystaw.pl\/wp-content\/uploads\/2026\/04\/PLAKAT-2.jpg\" alt=\"\" class=\"wp-image-19820\" srcset=\"https:\/\/www.pbpkrasnystaw.pl\/wp-content\/uploads\/2026\/04\/PLAKAT-2.jpg 543w, https:\/\/www.pbpkrasnystaw.pl\/wp-content\/uploads\/2026\/04\/PLAKAT-2-177x250.jpg 177w\" sizes=\"auto, (max-width: 543px) 100vw, 543px\" \/><\/figure>\n<\/figure>\n","protected":false},"excerpt":{"rendered":"<p>Odkryj niezwyk\u0142e talenty ludzi, kt\u00f3rych znasz przede wszystkim z bibliotecznych p\u00f3\u0142ek! to wyj\u0105tkowa wystawa pokazuj\u0105ca, \u017ce biblioteka to nie tylko ksi\u0105\u017cki \u2013 to tak\u017ce ludzie pe\u0142ni kreatywno\u015bci, talent\u00f3w i inspiruj\u0105cych zainteresowa\u0144. R\u0119kodzie\u0142o, sztuka, fotografia, a nawet kulinaria \u2013 wszystko to tworzone z sercem i pasj\u0105 przez bibliotekarzy z powiatu krasnostawskiego. W pierwszej cz\u0119\u015bci wydarzenia na wystawie zobaczymy: Maria Madej (r\u0119kodzie\u0142o), Renata Jarmosz (koronkarstwo), Magdalena Staro\u0144 (r\u0119kodzie\u0142o),&nbsp; dr Artur Borz\u0119cki (kolekcjonerstwo), \u017baneta Hadam (r\u0119kodzie\u0142o), Barbara Wargol (r\u0119kodzie\u0142o, sery podpuszczkowe), El\u017cbieta Patyk (fotografia), El\u017cbieta Kowi\u0144ska (fotografia, r\u0119kodzie\u0142o). Druga cz\u0119\u015b\u0107 spotkania po\u015bwi\u0119cona b\u0119dzie kulinariom. Go\u015bcie b\u0119d\u0105 mogli skosztowa\u0107 potraw i wypiek\u00f3w przygotowanych przez bibliotekarki. Przyjd\u017a, zobacz i przekonaj si\u0119, jak wiele twarzy ma biblioteka. Zainspiruj si\u0119 do odkrywania w\u0142asnych pasji. 23 kwietnia 2026 r.godz. 16:00Powiatowa Biblioteka Publiczna w Krasnymstawie Niech ten dzie\u0144 \u2013 obchodzony na ca\u0142ym \u015bwiecie jako \u015awiatowy Dzie\u0144 Ksi\u0105\u017cki i Praw Autorskich \u2013 stanie si\u0119 tak\u017ce \u015bwi\u0119tem lokalnej kreatywno\u015bci bibliotekarzy! Do zobaczenia!<\/p>\n","protected":false},"author":2,"featured_media":0,"comment_status":"closed","ping_status":"closed","sticky":false,"template":"","format":"standard","meta":{"footnotes":""},"categories":[3],"tags":[],"class_list":["post-19819","post","type-post","status-publish","format-standard","hentry","category-aktual"],"_links":{"self":[{"href":"https:\/\/www.pbpkrasnystaw.pl\/index.php?rest_route=\/wp\/v2\/posts\/19819","targetHints":{"allow":["GET"]}}],"collection":[{"href":"https:\/\/www.pbpkrasnystaw.pl\/index.php?rest_route=\/wp\/v2\/posts"}],"about":[{"href":"https:\/\/www.pbpkrasnystaw.pl\/index.php?rest_route=\/wp\/v2\/types\/post"}],"author":[{"embeddable":true,"href":"https:\/\/www.pbpkrasnystaw.pl\/index.php?rest_route=\/wp\/v2\/users\/2"}],"replies":[{"embeddable":true,"href":"https:\/\/www.pbpkrasnystaw.pl\/index.php?rest_route=%2Fwp%2Fv2%2Fcomments&post=19819"}],"version-history":[{"count":1,"href":"https:\/\/www.pbpkrasnystaw.pl\/index.php?rest_route=\/wp\/v2\/posts\/19819\/revisions"}],"predecessor-version":[{"id":19821,"href":"https:\/\/www.pbpkrasnystaw.pl\/index.php?rest_route=\/wp\/v2\/posts\/19819\/revisions\/19821"}],"wp:attachment":[{"href":"https:\/\/www.pbpkrasnystaw.pl\/index.php?rest_route=%2Fwp%2Fv2%2Fmedia&parent=19819"}],"wp:term":[{"taxonomy":"category","embeddable":true,"href":"https:\/\/www.pbpkrasnystaw.pl\/index.php?rest_route=%2Fwp%2Fv2%2Fcategories&post=19819"},{"taxonomy":"post_tag","embeddable":true,"href":"https:\/\/www.pbpkrasnystaw.pl\/index.php?rest_route=%2Fwp%2Fv2%2Ftags&post=19819"}],"curies":[{"name":"wp","href":"https:\/\/api.w.org\/{rel}","templated":true}]}}