{"id":19822,"date":"2026-04-21T10:55:41","date_gmt":"2026-04-21T08:55:41","guid":{"rendered":"https:\/\/www.pbpkrasnystaw.pl\/?p=19822"},"modified":"2026-04-21T10:55:41","modified_gmt":"2026-04-21T08:55:41","slug":"spotkania-autorskie-z-magda-stachula","status":"publish","type":"post","link":"https:\/\/www.pbpkrasnystaw.pl\/?p=19822","title":{"rendered":"Spotkania autorskie z Magd\u0105 Stachul\u0105"},"content":{"rendered":"\n<p><\/p>\n\n\n\n<p>Zapraszamy serdecznie na wyj\u0105tkowe spotkania z jedn\u0105 z najpopularniejszych polskich autorek thriller\u00f3w!<\/p>\n\n\n\n<p><strong>WARSZAWA<\/strong><br><strong>Ju\u017c 23 kwietnia<\/strong> <strong>b\u0119dzie okazja spotka\u0107 si\u0119 z Magd\u0105 Stachul\u0105 w ksi\u0119garni \u015awiat Ksi\u0105\u017cki, mieszcz\u0105cej si\u0119 w Elektrowni Powi\u015ble<\/strong>. <strong>To \u015bwietna okazja dla os\u00f3b pracuj\u0105cych lub studiuj\u0105cych w Warszawie, by pozna\u0107 autork\u0119 osobi\u015bcie.<\/strong><\/p>\n\n\n\n<p> Szczeg\u00f3\u0142y wydarzenia dost\u0119pne s\u0105 na plakacie.<\/p>\n\n\n\n<figure class=\"wp-block-gallery has-nested-images columns-default is-cropped wp-block-gallery-1 is-layout-flex wp-block-gallery-is-layout-flex\">\n<figure class=\"wp-block-image size-large\"><img loading=\"lazy\" decoding=\"async\" width=\"800\" height=\"465\" data-id=\"19823\" src=\"https:\/\/www.pbpkrasnystaw.pl\/wp-content\/uploads\/2026\/04\/Trzecia_zaproszenie-1080x628-Wwa-800x465.png\" alt=\"\" class=\"wp-image-19823\" srcset=\"https:\/\/www.pbpkrasnystaw.pl\/wp-content\/uploads\/2026\/04\/Trzecia_zaproszenie-1080x628-Wwa-800x465.png 800w, https:\/\/www.pbpkrasnystaw.pl\/wp-content\/uploads\/2026\/04\/Trzecia_zaproszenie-1080x628-Wwa-250x145.png 250w, https:\/\/www.pbpkrasnystaw.pl\/wp-content\/uploads\/2026\/04\/Trzecia_zaproszenie-1080x628-Wwa-768x447.png 768w, https:\/\/www.pbpkrasnystaw.pl\/wp-content\/uploads\/2026\/04\/Trzecia_zaproszenie-1080x628-Wwa.png 1080w\" sizes=\"auto, (max-width: 800px) 100vw, 800px\" \/><\/figure>\n<\/figure>\n\n\n\n<p><strong>Krasnystaw<\/strong><br>Natomiast <strong>7 maja<\/strong> zapraszamy do Biblioteka Powiatowa w Krasnymstawie, gdzie r\u00f3wnie\u017c b\u0119dziemy go\u015bci\u0107 autork\u0119. Szczeg\u00f3\u0142y wkr\u00f3tce!<br>Do zobaczenia!<\/p>\n","protected":false},"excerpt":{"rendered":"<p>Zapraszamy serdecznie na wyj\u0105tkowe spotkania z jedn\u0105 z najpopularniejszych polskich autorek thriller\u00f3w! WARSZAWAJu\u017c 23 kwietnia b\u0119dzie okazja spotka\u0107 si\u0119 z Magd\u0105 Stachul\u0105 w ksi\u0119garni \u015awiat Ksi\u0105\u017cki, mieszcz\u0105cej si\u0119 w Elektrowni Powi\u015ble. To \u015bwietna okazja dla os\u00f3b pracuj\u0105cych lub studiuj\u0105cych w Warszawie, by pozna\u0107 autork\u0119 osobi\u015bcie. Szczeg\u00f3\u0142y wydarzenia dost\u0119pne s\u0105 na plakacie. KrasnystawNatomiast 7 maja zapraszamy do Biblioteka Powiatowa w Krasnymstawie, gdzie r\u00f3wnie\u017c b\u0119dziemy go\u015bci\u0107 autork\u0119. Szczeg\u00f3\u0142y wkr\u00f3tce!Do zobaczenia!<\/p>\n","protected":false},"author":2,"featured_media":0,"comment_status":"closed","ping_status":"closed","sticky":false,"template":"","format":"standard","meta":{"footnotes":""},"categories":[3],"tags":[],"class_list":["post-19822","post","type-post","status-publish","format-standard","hentry","category-aktual"],"_links":{"self":[{"href":"https:\/\/www.pbpkrasnystaw.pl\/index.php?rest_route=\/wp\/v2\/posts\/19822","targetHints":{"allow":["GET"]}}],"collection":[{"href":"https:\/\/www.pbpkrasnystaw.pl\/index.php?rest_route=\/wp\/v2\/posts"}],"about":[{"href":"https:\/\/www.pbpkrasnystaw.pl\/index.php?rest_route=\/wp\/v2\/types\/post"}],"author":[{"embeddable":true,"href":"https:\/\/www.pbpkrasnystaw.pl\/index.php?rest_route=\/wp\/v2\/users\/2"}],"replies":[{"embeddable":true,"href":"https:\/\/www.pbpkrasnystaw.pl\/index.php?rest_route=%2Fwp%2Fv2%2Fcomments&post=19822"}],"version-history":[{"count":1,"href":"https:\/\/www.pbpkrasnystaw.pl\/index.php?rest_route=\/wp\/v2\/posts\/19822\/revisions"}],"predecessor-version":[{"id":19824,"href":"https:\/\/www.pbpkrasnystaw.pl\/index.php?rest_route=\/wp\/v2\/posts\/19822\/revisions\/19824"}],"wp:attachment":[{"href":"https:\/\/www.pbpkrasnystaw.pl\/index.php?rest_route=%2Fwp%2Fv2%2Fmedia&parent=19822"}],"wp:term":[{"taxonomy":"category","embeddable":true,"href":"https:\/\/www.pbpkrasnystaw.pl\/index.php?rest_route=%2Fwp%2Fv2%2Fcategories&post=19822"},{"taxonomy":"post_tag","embeddable":true,"href":"https:\/\/www.pbpkrasnystaw.pl\/index.php?rest_route=%2Fwp%2Fv2%2Ftags&post=19822"}],"curies":[{"name":"wp","href":"https:\/\/api.w.org\/{rel}","templated":true}]}}